{"id":240,"date":"2026-01-01T06:07:00","date_gmt":"2026-01-01T05:07:00","guid":{"rendered":"https:\/\/autodefense.anarchomachie.org\/?p=240"},"modified":"2025-11-03T18:44:55","modified_gmt":"2025-11-03T17:44:55","slug":"la-philosophie-et-organisation-de-r-flores-magon","status":"publish","type":"post","link":"https:\/\/autodefense.anarchomachie.org\/index.php\/la-philosophie-et-organisation-de-r-flores-magon\/","title":{"rendered":"La philosophie et organisation de R. FLORES MAGON"},"content":{"rendered":"\n<p>Ricardo Flores Mag\u00f3n (1874\u20131922) \u00e9tait un penseur, journaliste et r\u00e9volutionnaire mexicain dont la philosophie politique a profond\u00e9ment influenc\u00e9 la R\u00e9volution mexicaine et le mouvement anarchiste en Am\u00e9rique latine.<\/p>\n\n\n\n<figure class=\"wp-block-table\"><table class=\"has-fixed-layout\"><thead><tr><th>Th\u00e8me<\/th><th>Position de Flores Mag\u00f3n<\/th><\/tr><\/thead><\/table><\/figure>\n\n\n\n<figure class=\"wp-block-table\"><table class=\"has-fixed-layout\"><tbody><tr><td><strong>\u00c9tat<\/strong><\/td><td>\u00c0 abolir, source d\u2019oppression<\/td><\/tr><\/tbody><\/table><\/figure>\n\n\n\n<figure class=\"wp-block-table\"><table class=\"has-fixed-layout\"><tbody><tr><td><strong>\u00c9glise<\/strong><\/td><td>\u00c0 rejeter, instrument de domination<\/td><\/tr><\/tbody><\/table><\/figure>\n\n\n\n<figure class=\"wp-block-table\"><table class=\"has-fixed-layout\"><tbody><tr><td><strong>Propri\u00e9t\u00e9 priv\u00e9e<\/strong><\/td><td>\u00c0 collectiviser<\/td><\/tr><\/tbody><\/table><\/figure>\n\n\n\n<figure class=\"wp-block-table\"><table class=\"has-fixed-layout\"><tbody><tr><td><strong>Peuple<\/strong><\/td><td>Acteur central du changement<\/td><\/tr><\/tbody><\/table><\/figure>\n\n\n\n<figure class=\"wp-block-table\"><table class=\"has-fixed-layout\"><tbody><tr><td><strong>But ultime<\/strong><\/td><td>Soci\u00e9t\u00e9 libertaire, \u00e9galitaire et fraternelle<\/td><\/tr><\/tbody><\/table><\/figure>\n\n\n\n<figure class=\"wp-block-table\"><table class=\"has-fixed-layout\"><tbody><tr><td><strong>Slogan<\/strong><\/td><td><em>\u00a1Tierra y Libertad!<\/em><\/td><\/tr><\/tbody><\/table><\/figure>\n\n\n\n<h3 class=\"wp-block-heading\">1. <strong>L\u2019anarchisme social et antiautoritaire<\/strong><\/h3>\n\n\n\n<p>Flores Mag\u00f3n s\u2019inspire des grands penseurs anarchistes europ\u00e9ens, notamment <strong>Bakounine<\/strong>, <strong>Kropotkine<\/strong> et <strong>Malatesta<\/strong>.<br>Il rejette :<\/p>\n\n\n\n<ul class=\"wp-block-list\">\n<li>l\u2019\u00c9tat, qu\u2019il consid\u00e8re comme un instrument d\u2019oppression ;<\/li>\n\n\n\n<li>l\u2019\u00c9glise, qu\u2019il voit comme un moyen de contr\u00f4le spirituel et moral ;<\/li>\n\n\n\n<li>le capitalisme, qui exploite les travailleurs et les paysans.<\/li>\n<\/ul>\n\n\n\n<p>Il pr\u00f4ne une <strong>soci\u00e9t\u00e9 libre, sans gouvernement ni hi\u00e9rarchie<\/strong>, fond\u00e9e sur :<\/p>\n\n\n\n<ul class=\"wp-block-list\">\n<li>la <strong>coop\u00e9ration volontaire<\/strong>,<\/li>\n\n\n\n<li>a <strong>solidarit\u00e9 communautaire<\/strong>,<\/li>\n\n\n\n<li>la <strong>propri\u00e9t\u00e9 collective<\/strong> des terres et des moyens de production.<\/li>\n<\/ul>\n\n\n\n<h3 class=\"wp-block-heading\">2. <strong>L\u2019anticl\u00e9ricalisme et l\u2019anticapitalisme<\/strong><\/h3>\n\n\n\n<p>Mag\u00f3n consid\u00e8re que le clerg\u00e9 et les grands propri\u00e9taires fonciers sont les principaux ennemis du peuple mexicain.<br>Son cri r\u00e9volutionnaire \u00ab <strong>\u00a1Tierra y Libertad!<\/strong> \u00bb (\u00ab Terre et libert\u00e9 \u00bb) r\u00e9sume bien sa vision :<br>? La <strong>terre<\/strong> pour les paysans qui la travaillent,<br>? La <strong>libert\u00e9<\/strong> contre toute domination politique, \u00e9conomique ou religieuse.<\/p>\n\n\n\n<h3 class=\"wp-block-heading\">3. <strong>Le r\u00f4le du peuple et la r\u00e9volution sociale<\/strong><\/h3>\n\n\n\n<p>Pour lui, le changement ne devait pas venir d\u2019un parti ou d\u2019un chef charismatique, mais <strong>de l\u2019action directe du peuple<\/strong>.<br>Il soutient :<\/p>\n\n\n\n<ul class=\"wp-block-list\">\n<li>les <strong>gr\u00e8ves ouvri\u00e8res<\/strong> et les <strong>insurrections paysannes<\/strong>,<\/li>\n\n\n\n<li>l\u2019<strong>autonomie locale<\/strong> et les <strong>communes libres<\/strong>,<\/li>\n\n\n\n<li>la <strong>d\u00e9sob\u00e9issance civile<\/strong> face \u00e0 l\u2019injustice.<\/li>\n<\/ul>\n\n\n\n<p>Il pensait que seule une <strong>r\u00e9volution sociale<\/strong> totale \u2014 et non une simple r\u00e9forme politique \u2014 pouvait lib\u00e9rer le Mexique de la mis\u00e8re et de la tyrannie.<\/p>\n\n\n\n<h3 class=\"wp-block-heading\">4. <strong>Un anarchisme humaniste et moral<\/strong><\/h3>\n\n\n\n<p>Flores Mag\u00f3n n\u2019\u00e9tait pas seulement un agitateur politique, mais aussi un <strong>moraliste r\u00e9volutionnaire<\/strong>.<br>Il croyait \u00e0 la bont\u00e9 naturelle de l\u2019\u00eatre humain et \u00e0 la possibilit\u00e9 d\u2019une soci\u00e9t\u00e9 fond\u00e9e sur la justice et l\u2019entraide.<br>Son id\u00e9al \u00e9tait une communaut\u00e9 o\u00f9 <strong>chacun contribue selon ses capacit\u00e9s et re\u00e7oit selon ses besoins<\/strong>, dans la fraternit\u00e9.<\/p>\n\n\n\n<p>ORGANISATION:<\/p>\n\n\n\n<p>la <strong>Junta Organizadora del PLM<\/strong> ( la junte organisationnelle), fond\u00e9e et dirig\u00e9e par <strong>Ricardo Flores Mag\u00f3n<\/strong>, a \u00e9t\u00e9 le principal instrument politique et organisationnel de son mouvement r\u00e9volutionnaire.<br>Voici une pr\u00e9sentation claire et structur\u00e9e de <strong>sa composition et de son fonctionnement<\/strong> :<\/p>\n\n\n\n<p>Structure de la <strong>Junta Organizadora<\/strong><\/p>\n\n\n\n<h3 class=\"wp-block-heading\">1. <strong>Origine et but<\/strong><\/h3>\n\n\n\n<ul class=\"wp-block-list\">\n<li>Fond\u00e9e en <strong>1905<\/strong> \u00e0 <strong>Saint Louis (Missouri, \u00c9tats-Unis)<\/strong>, par des exil\u00e9s mexicains oppos\u00e9s \u00e0 la dictature de <strong>Porfirio D\u00edaz<\/strong>.<\/li>\n\n\n\n<li>Elle \u00e9tait le <strong>centre de coordination du mouvement lib\u00e9ral r\u00e9volutionnaire<\/strong> \u2014 un organe clandestin charg\u00e9 :\n<ul class=\"wp-block-list\">\n<li>d\u2019organiser les soul\u00e8vements arm\u00e9s,<\/li>\n\n\n\n<li>de diffuser la propagande r\u00e9volutionnaire,<\/li>\n\n\n\n<li>et d\u2019unifier les groupes de travailleurs, paysans et intellectuels.<\/li>\n<\/ul>\n<\/li>\n<\/ul>\n\n\n\n<hr class=\"wp-block-separator has-alpha-channel-opacity\"\/>\n\n\n\n<h3 class=\"wp-block-heading\">? 2. <strong>Composition<\/strong><\/h3>\n\n\n\n<p>La <strong>Junta Organizadora<\/strong> n\u2019\u00e9tait pas un parti au sens \u00e9lectoral, mais un <strong>noyau dirigeant r\u00e9volutionnaire<\/strong>, compos\u00e9 de militants engag\u00e9s, souvent exil\u00e9s ou emprisonn\u00e9s.<\/p>\n\n\n\n<p>Les principaux membres :<\/p>\n\n\n\n<figure class=\"wp-block-table\"><table class=\"has-fixed-layout\"><thead><tr><th>Membre<\/th><th>R\u00f4le \/ Fonction<\/th><\/tr><\/thead><tbody><tr><td><strong>Ricardo Flores Mag\u00f3n<\/strong><\/td><td>Chef id\u00e9ologique, r\u00e9dacteur du journal <em>Regeneraci\u00f3n<\/em>, principal th\u00e9oricien anarchiste.<\/td><\/tr><tr><td><strong>Enrique Flores Mag\u00f3n<\/strong><\/td><td>Fr\u00e8re de Ricardo, cofondateur du PLM, organisateur logistique et propagandiste.<br><strong>Antonio I. Villarreal<\/strong><br>Militant socialiste, responsable militaire dans certains soul\u00e8vements.<br><strong>Juan Sarabia<\/strong><br>Journaliste et id\u00e9ologue, secr\u00e9taire de la Junta.<br><strong>Librado Rivera<\/strong><br>Collaborateur proche, th\u00e9oricien anarchiste et co-r\u00e9dacteur de <em>Regeneraci\u00f3n<\/em>.<\/td><\/tr><\/tbody><\/table><\/figure>\n\n\n\n<h3 class=\"wp-block-heading\">3. <strong>Fonctionnement<\/strong><\/h3>\n\n\n\n<p>La Junta fonctionnait de mani\u00e8re <strong>clandestine<\/strong>, avec :<\/p>\n\n\n\n<ul class=\"wp-block-list\">\n<li>des <strong>cellules locales<\/strong> au Mexique et aux \u00c9tats-Unis (surtout au Texas, en Californie et en Arizona) ;<\/li>\n\n\n\n<li>des <strong>correspondants r\u00e9volutionnaires<\/strong> qui transmettaient des rapports et des fonds ;<\/li>\n\n\n\n<li>un <strong>journal central<\/strong>, <em>Regeneraci\u00f3n<\/em>, qui servait d\u2019organe de communication et d\u2019\u00e9ducation politique.<\/li>\n<\/ul>\n\n\n\n<p><strong>D\u00e9cisions collectives<\/strong> :<br>M\u00eame si Ricardo Flores Mag\u00f3n jouait un r\u00f4le moteur, les d\u00e9cisions \u00e9taient <strong>prises collectivement<\/strong> dans l\u2019esprit de l\u2019<strong>autogestion<\/strong> et de l\u2019<strong>\u00e9galit\u00e9 entre camarades<\/strong>.<\/p>\n\n\n\n<hr class=\"wp-block-separator has-alpha-channel-opacity\"\/>\n\n\n\n<h3 class=\"wp-block-heading\">? 4. <strong>\u00c9volution id\u00e9ologique<\/strong><\/h3>\n\n\n\n<ul class=\"wp-block-list\">\n<li><strong>1905\u20131906 :<\/strong> orientation <strong>lib\u00e9rale radicale<\/strong>, encore proche du programme r\u00e9publicain (r\u00e9formes, d\u00e9mocratie, droits ouvriers).<\/li>\n\n\n\n<li><strong>\u00c0 partir de 1908 :<\/strong> tournant <strong>anarchiste<\/strong> ? rejet total de l\u2019\u00c9tat et de la propri\u00e9t\u00e9 priv\u00e9e.<br>Le PLM devient alors un <strong>mouvement libertaire<\/strong>, pr\u00f4nant la <strong>commune libre<\/strong>, la <strong>r\u00e9volution sociale<\/strong> et la <strong>solidarit\u00e9 internationale<\/strong>.<\/li>\n<\/ul>\n\n\n\n<h3 class=\"wp-block-heading\">5. <strong>Activit\u00e9s principales<\/strong><\/h3>\n\n\n\n<ul class=\"wp-block-list\">\n<li><strong>Organisation d\u2019insurrections<\/strong> (1906, 1908, 1911) dans le nord du Mexique, notamment \u00e0 <strong>Baja California<\/strong>.<\/li>\n\n\n\n<li><strong>Diffusion de <em>Regeneraci\u00f3n<\/em><\/strong> pour propager les id\u00e9es libertaires.<\/li>\n\n\n\n<li><strong>Soutien aux gr\u00e8ves ouvri\u00e8res<\/strong> et aux mouvements paysans (notamment les Cananea et R\u00edo Blanco).<\/li>\n\n\n\n<li><strong>Solidarit\u00e9 internationale<\/strong> avec les travailleurs am\u00e9ricains et anarchistes d\u2019autres pays.<\/li>\n<\/ul>\n\n\n\n<hr class=\"wp-block-separator has-alpha-channel-opacity\"\/>\n\n\n\n<h3 class=\"wp-block-heading\">? 6. <strong>Fin de la Junta<\/strong><\/h3>\n\n\n\n<ul class=\"wp-block-list\">\n<li>R\u00e9prim\u00e9e par le gouvernement am\u00e9ricain (sous pression du Mexique).<\/li>\n\n\n\n<li><strong>Ricardo Flores Mag\u00f3n<\/strong> est arr\u00eat\u00e9 plusieurs fois, puis meurt en prison en 1922.<\/li>\n\n\n\n<li>Apr\u00e8s sa mort, la Junta se d\u00e9sagr\u00e8ge, mais son <strong>h\u00e9ritage id\u00e9ologique<\/strong> survit dans les mouvements anarchistes et zapatistes.<\/li>\n<\/ul>\n\n\n\n<figure class=\"wp-block-image size-large\"><img loading=\"lazy\" decoding=\"async\" width=\"1024\" height=\"577\" src=\"https:\/\/autodefense.anarchomachie.org\/wp-content\/uploads\/2024\/04\/102_504236071-1024x577.jpg\" alt=\"\" class=\"wp-image-128\" srcset=\"https:\/\/autodefense.anarchomachie.org\/wp-content\/uploads\/2024\/04\/102_504236071-1024x577.jpg 1024w, https:\/\/autodefense.anarchomachie.org\/wp-content\/uploads\/2024\/04\/102_504236071-300x169.jpg 300w, https:\/\/autodefense.anarchomachie.org\/wp-content\/uploads\/2024\/04\/102_504236071-768x433.jpg 768w, https:\/\/autodefense.anarchomachie.org\/wp-content\/uploads\/2024\/04\/102_504236071.jpg 1200w\" sizes=\"auto, (max-width: 1024px) 100vw, 1024px\" \/><\/figure>\n\n\n\n<p><\/p>\n","protected":false},"excerpt":{"rendered":"<p>Ricardo Flores Mag\u00f3n (1874\u20131922) \u00e9tait un penseur, journaliste et r\u00e9volutionnaire mexicain dont la philosophie politique a profond\u00e9ment influenc\u00e9 la R\u00e9volution mexicaine et le mouvement anarchiste [&#8230;]<\/p>\n","protected":false},"author":1,"featured_media":0,"comment_status":"open","ping_status":"open","sticky":false,"template":"","format":"standard","meta":{"footnotes":""},"categories":[2,3],"tags":[],"class_list":["post-240","post","type-post","status-publish","format-standard","hentry","category-histoire","category-idees"],"_links":{"self":[{"href":"https:\/\/autodefense.anarchomachie.org\/index.php\/wp-json\/wp\/v2\/posts\/240","targetHints":{"allow":["GET"]}}],"collection":[{"href":"https:\/\/autodefense.anarchomachie.org\/index.php\/wp-json\/wp\/v2\/posts"}],"about":[{"href":"https:\/\/autodefense.anarchomachie.org\/index.php\/wp-json\/wp\/v2\/types\/post"}],"author":[{"embeddable":true,"href":"https:\/\/autodefense.anarchomachie.org\/index.php\/wp-json\/wp\/v2\/users\/1"}],"replies":[{"embeddable":true,"href":"https:\/\/autodefense.anarchomachie.org\/index.php\/wp-json\/wp\/v2\/comments?post=240"}],"version-history":[{"count":1,"href":"https:\/\/autodefense.anarchomachie.org\/index.php\/wp-json\/wp\/v2\/posts\/240\/revisions"}],"predecessor-version":[{"id":241,"href":"https:\/\/autodefense.anarchomachie.org\/index.php\/wp-json\/wp\/v2\/posts\/240\/revisions\/241"}],"wp:attachment":[{"href":"https:\/\/autodefense.anarchomachie.org\/index.php\/wp-json\/wp\/v2\/media?parent=240"}],"wp:term":[{"taxonomy":"category","embeddable":true,"href":"https:\/\/autodefense.anarchomachie.org\/index.php\/wp-json\/wp\/v2\/categories?post=240"},{"taxonomy":"post_tag","embeddable":true,"href":"https:\/\/autodefense.anarchomachie.org\/index.php\/wp-json\/wp\/v2\/tags?post=240"}],"curies":[{"name":"wp","href":"https:\/\/api.w.org\/{rel}","templated":true}]}}